{"id":1138,"date":"2025-10-14T13:01:38","date_gmt":"2025-10-14T13:01:38","guid":{"rendered":"https:\/\/crepissage.vyseo-communication.eu\/?post_type=local-articles&#038;p=1138"},"modified":"2025-10-24T17:04:47","modified_gmt":"2025-10-24T17:04:47","slug":"ravalement-de-facade-a-wissembourg-redonnez-vie-a-votre-habitation","status":"publish","type":"local-articles","link":"https:\/\/www.crepissage-outre-foret.pro\/local-articles\/ravalement-de-facade-a-wissembourg-redonnez-vie-a-votre-habitation\/","title":{"rendered":"Ravalement de fa\u00e7ade \u00e0 Wissembourg : redonnez vie \u00e0 votre habitation"},"content":{"rendered":"\n<p>Le <strong>ravalement de fa\u00e7ade \u00e0 Wissembourg<\/strong> est bien plus qu\u2019une simple remise en peinture. C\u2019est une op\u00e9ration compl\u00e8te qui vise \u00e0 prot\u00e9ger, embellir et prolonger la dur\u00e9e de vie de votre maison. Expos\u00e9es aux intemp\u00e9ries, \u00e0 l\u2019humidit\u00e9 et aux variations de temp\u00e9rature, les fa\u00e7ades subissent au fil du temps fissures, ternissement ou d\u00e9collement d\u2019enduit. \u00c0 Wissembourg et dans tout le nord de l\u2019Alsace, <strong>Cr\u00e9pissage de l\u2019Outre-For\u00eat<\/strong> met son savoir-faire au service des particuliers et professionnels pour redonner \u00e0 chaque b\u00e2timent son \u00e9clat d\u2019origine.<\/p>\n\n\n\n<h2 class=\"wp-block-heading\">Pourquoi r\u00e9aliser un ravalement de fa\u00e7ade \u00e0 Wissembourg ?<\/h2>\n\n\n\n<p>Le ravalement est une <strong>\u00e9tape essentielle pour l\u2019entretien du patrimoine b\u00e2ti<\/strong>. Outre son aspect esth\u00e9tique, il garantit la solidit\u00e9 du mur et emp\u00eache les infiltrations d\u2019eau. \u00c0 Wissembourg, o\u00f9 les fa\u00e7ades traditionnelles c\u00f4toient des constructions modernes, un entretien r\u00e9gulier est n\u00e9cessaire pour pr\u00e9server le charme architectural de la r\u00e9gion.<\/p>\n\n\n\n<p>Un ravalement bien r\u00e9alis\u00e9 permet de :<\/p>\n\n\n\n<ul class=\"wp-block-list\">\n<li>Pr\u00e9server la structure du b\u00e2timent face aux intemp\u00e9ries.<\/li>\n\n\n\n<li>Am\u00e9liorer l\u2019isolation thermique et r\u00e9duire les d\u00e9perditions d\u2019\u00e9nergie.<\/li>\n\n\n\n<li>Valoriser le patrimoine immobilier local.<\/li>\n\n\n\n<li>Prolonger la durabilit\u00e9 de la fa\u00e7ade et \u00e9viter des r\u00e9parations co\u00fbteuses.<\/li>\n<\/ul>\n\n\n\n<h2 class=\"wp-block-heading\">Les \u00e9tapes d\u2019un ravalement de fa\u00e7ade r\u00e9ussi<\/h2>\n\n\n\n<p>Chaque <strong>chantier de ravalement<\/strong> commence par une \u00e9tude pr\u00e9cise de l\u2019\u00e9tat des murs. Chez Cr\u00e9pissage de l\u2019Outre-For\u00eat, nous adaptons nos techniques selon la nature du support (pierre, brique, b\u00e9ton ou enduit existant) et les sp\u00e9cificit\u00e9s de votre bien.<\/p>\n\n\n\n<h3 class=\"wp-block-heading\">Diagnostic et pr\u00e9paration du support<\/h3>\n\n\n\n<p>Nos experts r\u00e9alisent une inspection compl\u00e8te de la fa\u00e7ade pour identifier les d\u00e9gradations et choisir les traitements adapt\u00e9s. Le nettoyage \u00e0 haute pression, le d\u00e9capage ou le traitement anti-mousse pr\u00e9parent la surface \u00e0 recevoir les nouvelles couches d\u2019enduit.<\/p>\n\n\n\n<h3 class=\"wp-block-heading\">R\u00e9paration et traitement des murs<\/h3>\n\n\n\n<p>Les fissures sont rebouch\u00e9es, les zones fragilis\u00e9es consolid\u00e9es et les supports trait\u00e9s contre l\u2019humidit\u00e9 ou les mousses. Cette \u00e9tape assure la durabilit\u00e9 du ravalement.<\/p>\n\n\n\n<h3 class=\"wp-block-heading\">Application de l\u2019enduit<\/h3>\n\n\n\n<p>Nous appliquons des enduits de qualit\u00e9 professionnelle : enduit \u00e0 la chaux, monocouche ou projet\u00e9, selon le style architectural souhait\u00e9. Les finitions sont vari\u00e9es : taloch\u00e9e, gratt\u00e9e, liss\u00e9e ou d\u00e9corative.<\/p>\n\n\n\n<h3 class=\"wp-block-heading\">Peinture et finitions<\/h3>\n\n\n\n<p>Enfin, la <strong>peinture de fa\u00e7ade<\/strong> vient sublimer le r\u00e9sultat final. Nos peintures r\u00e9sistent aux UV, aux pluies acides et garantissent une couleur durable, adapt\u00e9e \u00e0 l\u2019environnement alsacien.<\/p>\n\n\n\n<h2 class=\"wp-block-heading\">Les b\u00e9n\u00e9fices d\u2019un ravalement de fa\u00e7ade \u00e0 Wissembourg<\/h2>\n\n\n\n<p>Un <strong>ravalement de fa\u00e7ade<\/strong> bien ex\u00e9cut\u00e9 apporte \u00e0 la fois confort, esth\u00e9tique et \u00e9conomie. Au-del\u00e0 de l\u2019aspect visuel, il joue un r\u00f4le cl\u00e9 dans la performance \u00e9nerg\u00e9tique du b\u00e2timent.<\/p>\n\n\n\n<h3 class=\"wp-block-heading\">Confort thermique et \u00e9conomies d\u2019\u00e9nergie<\/h3>\n\n\n\n<p>En associant ravalement et isolation ext\u00e9rieure, vous r\u00e9duisez les d\u00e9perditions de chaleur et am\u00e9liorez le confort int\u00e9rieur tout en diminuant vos factures de chauffage.<\/p>\n\n\n\n<h3 class=\"wp-block-heading\">Valorisation du patrimoine<\/h3>\n\n\n\n<p>Une fa\u00e7ade r\u00e9nov\u00e9e embellit votre habitation et en augmente la valeur sur le march\u00e9 immobilier. \u00c0 Wissembourg, o\u00f9 le patrimoine est riche et vari\u00e9, cet entretien est aussi un geste de pr\u00e9servation.<\/p>\n\n\n\n<h3 class=\"wp-block-heading\">Protection durable<\/h3>\n\n\n\n<p>Gr\u00e2ce \u00e0 des mat\u00e9riaux performants et \u00e0 des techniques modernes, la fa\u00e7ade est prot\u00e9g\u00e9e contre les agressions climatiques, les fissures et l\u2019humidit\u00e9.<\/p>\n\n\n\n<h2 class=\"wp-block-heading\">Les mat\u00e9riaux et finitions utilis\u00e9s<\/h2>\n\n\n\n<p>Cr\u00e9pissage de l\u2019Outre-For\u00eat s\u00e9lectionne des produits certifi\u00e9s pour leur efficacit\u00e9 et leur durabilit\u00e9.<\/p>\n\n\n\n<ul class=\"wp-block-list\">\n<li><strong>Enduits \u00e0 la chaux naturelle<\/strong> : id\u00e9als pour les maisons \u00e0 colombages ou anciennes b\u00e2tisses du centre historique.<\/li>\n\n\n\n<li><strong>Enduits acryliques et min\u00e9raux<\/strong> : adapt\u00e9s aux fa\u00e7ades contemporaines, offrant r\u00e9sistance et perm\u00e9abilit\u00e9.<\/li>\n\n\n\n<li><strong>Peintures ext\u00e9rieures hautes performances<\/strong> : microporeuses, r\u00e9sistantes aux intemp\u00e9ries et disponibles en nombreuses teintes locales.<\/li>\n<\/ul>\n\n\n\n<h2 class=\"wp-block-heading\">Le savoir-faire Cr\u00e9pissage de l\u2019Outre-For\u00eat<\/h2>\n\n\n\n<p>Depuis 30 ans dans le <strong>ravalement de fa\u00e7ade \u00e0 Wissembourg et dans tout le nord de l\u2019Alsace<\/strong>, notre entreprise est reconnue pour son s\u00e9rieux et la qualit\u00e9 de ses r\u00e9alisations. Chaque chantier est suivi avec rigueur, depuis l\u2019\u00e9tude initiale jusqu\u2019\u00e0 la livraison finale.<\/p>\n\n\n\n<p>Nous intervenons aussi bien sur les maisons individuelles que sur les immeubles, b\u00e2timents publics ou locaux professionnels. Notre objectif : offrir des <strong>fa\u00e7ades esth\u00e9tiques, prot\u00e9g\u00e9es et durables<\/strong>, conformes aux exigences locales et au cachet architectural de la r\u00e9gion.<\/p>\n\n\n\n<h2 class=\"wp-block-heading\">Conseils pour entretenir votre fa\u00e7ade<\/h2>\n\n\n\n<p>Pour conserver durablement la beaut\u00e9 de votre fa\u00e7ade, quelques gestes simples suffisent :<\/p>\n\n\n\n<ul class=\"wp-block-list\">\n<li>Nettoyer les murs r\u00e9guli\u00e8rement pour \u00e9viter l\u2019accumulation de salissures.<\/li>\n\n\n\n<li>Surveiller l\u2019apparition de microfissures et agir rapidement.<\/li>\n\n\n\n<li>Appliquer un traitement hydrofuge tous les 5 \u00e0 10 ans.<\/li>\n\n\n\n<li>\u00c9viter les nettoyages abrasifs qui endommagent les enduits.<\/li>\n<\/ul>\n\n\n\n<p>En confiant vos travaux \u00e0 un <strong>professionnel du ravalement \u00e0 Wissembourg<\/strong>, vous b\u00e9n\u00e9ficiez de conseils sur mesure et d\u2019un accompagnement complet, de l\u2019\u00e9tude au choix des mat\u00e9riaux.<\/p>\n\n\n\n<h2 class=\"wp-block-heading\">Zones d\u2019intervention<\/h2>\n\n\n\n<p>Cr\u00e9pissage de l\u2019Outre-For\u00eat intervient sur un large secteur autour de <strong>Wissembourg<\/strong> pour tous vos travaux de ravalement, d\u2019isolation et de peinture ext\u00e9rieure :<\/p>\n\n\n\n<ol class=\"wp-block-list\">\n<li><strong>Wissembourg<\/strong><\/li>\n\n\n\n<li><strong>Haguenau<\/strong><\/li>\n\n\n\n<li><strong>Soultz-sous-For\u00eats<\/strong><\/li>\n\n\n\n<li><strong>Seltz<\/strong><\/li>\n\n\n\n<li><strong>Lauterbourg<\/strong><\/li>\n\n\n\n<li><strong>Niederlauterbach<\/strong><\/li>\n<\/ol>\n\n\n\n<p>Chaque intervention est r\u00e9alis\u00e9e avec le m\u00eame niveau d\u2019exigence, garantissant un r\u00e9sultat soign\u00e9 et durable, adapt\u00e9 \u00e0 l\u2019architecture locale.<\/p>\n\n\n\n<h2 class=\"wp-block-heading\">Contactez votre sp\u00e9cialiste du ravalement \u00e0 Wissembourg<\/h2>\n\n\n\n<p>Vous souhaitez r\u00e9nover, repeindre ou isoler votre fa\u00e7ade ? Faites appel \u00e0 <strong>Cr\u00e9pissage de l\u2019Outre-For\u00eat<\/strong>, votre expert en <strong>ravalement de fa\u00e7ade \u00e0 Wissembourg et dans tout le nord de l\u2019Alsace<\/strong>.<br>Nous r\u00e9alisons une \u00e9tude personnalis\u00e9e de votre projet et vous proposons un <strong>devis gratuit<\/strong>, clair et d\u00e9taill\u00e9.<\/p>\n\n\n\n<p><\/p>\n","protected":false},"excerpt":{"rendered":"<p>Redonnez vie \u00e0 vos murs ext\u00e9rieurs avec Cr\u00e9pissage de l\u2019Outre-For\u00eat, sp\u00e9cialiste du ravalement de fa\u00e7ade \u00e0 Wissembourg et en Alsace du Nord.<\/p>\n","protected":false},"featured_media":0,"menu_order":0,"template":"","format":"standard","meta":[],"local-articles-category":[18],"class_list":["post-1138","local-articles","type-local-articles","status-publish","format-standard","hentry","local-articles-category-ravalement-de-facade"],"aioseo_notices":[],"aioseo_head":"\n\t\t<!-- All in One SEO Pro 4.9.6.2 - aioseo.com -->\n\t<meta name=\"description\" content=\"Votre expert du ravalement de fa\u00e7ade \u00e0 Wissembourg. Cr\u00e9pissage de l\u2019Outre-For\u00eat redonne \u00e9clat, protection et durabilit\u00e9 \u00e0 vos murs ext\u00e9rieurs.\" \/>\n\t<meta name=\"robots\" content=\"max-image-preview:large\" \/>\n\t<meta name=\"google-site-verification\" content=\"yV5f5RtlR-_n-vm2xJ3yDaw1yK7hUustT9T8yhp9L28\" \/>\n\t<link rel=\"canonical\" href=\"https:\/\/www.crepissage-outre-foret.pro\/local-articles\/ravalement-de-facade-a-wissembourg-redonnez-vie-a-votre-habitation\/\" \/>\n\t<meta name=\"generator\" content=\"All in One SEO Pro (AIOSEO) 4.9.6.2\" \/>\n\t\t<meta property=\"og:locale\" content=\"fr_FR\" \/>\n\t\t<meta property=\"og:site_name\" content=\"Cr\u00e9pissage de L\u2019Outre For\u00eat - Donnez une nouvelle vie \u00e0 vos fa\u00e7ades\" \/>\n\t\t<meta property=\"og:type\" content=\"article\" \/>\n\t\t<meta property=\"og:title\" content=\"Ravalement de fa\u00e7ade \u00e0 Wissembourg \u2013 Cr\u00e9pissage de l\u2019Outre-For\u00eat\" \/>\n\t\t<meta property=\"og:description\" content=\"Votre expert du ravalement de fa\u00e7ade \u00e0 Wissembourg. Cr\u00e9pissage de l\u2019Outre-For\u00eat redonne \u00e9clat, protection et durabilit\u00e9 \u00e0 vos murs ext\u00e9rieurs.\" \/>\n\t\t<meta property=\"og:url\" content=\"https:\/\/www.crepissage-outre-foret.pro\/local-articles\/ravalement-de-facade-a-wissembourg-redonnez-vie-a-votre-habitation\/\" \/>\n\t\t<meta property=\"og:image\" content=\"https:\/\/www.crepissage-outre-foret.pro\/media\/2025\/10\/logo.svg\" \/>\n\t\t<meta property=\"og:image:secure_url\" content=\"https:\/\/www.crepissage-outre-foret.pro\/media\/2025\/10\/logo.svg\" \/>\n\t\t<meta property=\"article:published_time\" content=\"2025-10-14T13:01:38+00:00\" \/>\n\t\t<meta property=\"article:modified_time\" content=\"2025-10-24T17:04:47+00:00\" \/>\n\t\t<meta property=\"article:publisher\" content=\"https:\/\/www.facebook.com\/profile.php?id=100031217720552&amp;locale=fr_FR\" \/>\n\t\t<meta name=\"twitter:card\" content=\"summary_large_image\" \/>\n\t\t<meta name=\"twitter:title\" content=\"Ravalement de fa\u00e7ade \u00e0 Wissembourg \u2013 Cr\u00e9pissage de l\u2019Outre-For\u00eat\" \/>\n\t\t<meta name=\"twitter:description\" content=\"Votre expert du ravalement de fa\u00e7ade \u00e0 Wissembourg. Cr\u00e9pissage de l\u2019Outre-For\u00eat redonne \u00e9clat, protection et durabilit\u00e9 \u00e0 vos murs ext\u00e9rieurs.\" \/>\n\t\t<meta name=\"twitter:image\" content=\"https:\/\/www.crepissage-outre-foret.pro\/media\/2025\/10\/logo.svg\" \/>\n\t\t<script type=\"application\/ld+json\" class=\"aioseo-schema\">\n\t\t\t{\"@context\":\"https:\\\/\\\/schema.org\",\"@graph\":[{\"@type\":\"BreadcrumbList\",\"@id\":\"https:\\\/\\\/www.crepissage-outre-foret.pro\\\/local-articles\\\/ravalement-de-facade-a-wissembourg-redonnez-vie-a-votre-habitation\\\/#breadcrumblist\",\"itemListElement\":[{\"@type\":\"ListItem\",\"@id\":\"https:\\\/\\\/www.crepissage-outre-foret.pro#listItem\",\"position\":1,\"name\":\"Cr\\u00e9pissage de l'outre for\\u00eat\",\"item\":\"https:\\\/\\\/www.crepissage-outre-foret.pro\",\"nextItem\":{\"@type\":\"ListItem\",\"@id\":\"https:\\\/\\\/www.crepissage-outre-foret.pro\\\/local-articles\\\/#listItem\",\"name\":\"Articles Locaux\"}},{\"@type\":\"ListItem\",\"@id\":\"https:\\\/\\\/www.crepissage-outre-foret.pro\\\/local-articles\\\/#listItem\",\"position\":2,\"name\":\"Articles Locaux\",\"item\":\"https:\\\/\\\/www.crepissage-outre-foret.pro\\\/local-articles\\\/\",\"nextItem\":{\"@type\":\"ListItem\",\"@id\":\"https:\\\/\\\/www.crepissage-outre-foret.pro\\\/local-articles-category\\\/ravalement-de-facade\\\/#listItem\",\"name\":\"Ravalement de fa\\u00e7ade\"},\"previousItem\":{\"@type\":\"ListItem\",\"@id\":\"https:\\\/\\\/www.crepissage-outre-foret.pro#listItem\",\"name\":\"Cr\\u00e9pissage de l'outre for\\u00eat\"}},{\"@type\":\"ListItem\",\"@id\":\"https:\\\/\\\/www.crepissage-outre-foret.pro\\\/local-articles-category\\\/ravalement-de-facade\\\/#listItem\",\"position\":3,\"name\":\"Ravalement de fa\\u00e7ade\",\"item\":\"https:\\\/\\\/www.crepissage-outre-foret.pro\\\/local-articles-category\\\/ravalement-de-facade\\\/\",\"nextItem\":{\"@type\":\"ListItem\",\"@id\":\"https:\\\/\\\/www.crepissage-outre-foret.pro\\\/local-articles\\\/ravalement-de-facade-a-wissembourg-redonnez-vie-a-votre-habitation\\\/#listItem\",\"name\":\"Ravalement de fa\\u00e7ade \\u00e0 Wissembourg : redonnez vie \\u00e0 votre habitation\"},\"previousItem\":{\"@type\":\"ListItem\",\"@id\":\"https:\\\/\\\/www.crepissage-outre-foret.pro\\\/local-articles\\\/#listItem\",\"name\":\"Articles Locaux\"}},{\"@type\":\"ListItem\",\"@id\":\"https:\\\/\\\/www.crepissage-outre-foret.pro\\\/local-articles\\\/ravalement-de-facade-a-wissembourg-redonnez-vie-a-votre-habitation\\\/#listItem\",\"position\":4,\"name\":\"Ravalement de fa\\u00e7ade \\u00e0 Wissembourg : redonnez vie \\u00e0 votre habitation\",\"previousItem\":{\"@type\":\"ListItem\",\"@id\":\"https:\\\/\\\/www.crepissage-outre-foret.pro\\\/local-articles-category\\\/ravalement-de-facade\\\/#listItem\",\"name\":\"Ravalement de fa\\u00e7ade\"}}]},{\"@type\":\"Organization\",\"@id\":\"https:\\\/\\\/www.crepissage-outre-foret.pro\\\/#organization\",\"name\":\"Cr\\u00e9pissage de L\\u2019Outre For\\u00eat\",\"description\":\"Donnez une nouvelle vie \\u00e0 vos fa\\u00e7ades\",\"url\":\"https:\\\/\\\/www.crepissage-outre-foret.pro\\\/\",\"email\":\"contact@crepisoutreforet.fr\",\"telephone\":\"+33388548345\",\"logo\":{\"@type\":\"ImageObject\",\"url\":\"https:\\\/\\\/www.crepissage-outre-foret.pro\\\/wp-content\\\/uploads\\\/2025\\\/10\\\/logo.svg\",\"@id\":\"https:\\\/\\\/www.crepissage-outre-foret.pro\\\/local-articles\\\/ravalement-de-facade-a-wissembourg-redonnez-vie-a-votre-habitation\\\/#organizationLogo\"},\"image\":{\"@id\":\"https:\\\/\\\/www.crepissage-outre-foret.pro\\\/local-articles\\\/ravalement-de-facade-a-wissembourg-redonnez-vie-a-votre-habitation\\\/#organizationLogo\"},\"sameAs\":[\"https:\\\/\\\/www.facebook.com\\\/profile.php?id=100031217720552&locale=fr_FR\",\"https:\\\/\\\/instagram.com\\\/crepissagedeloutreforet\"],\"address\":{\"@id\":\"https:\\\/\\\/www.crepissage-outre-foret.pro\\\/#postaladdress\",\"@type\":\"PostalAddress\",\"streetAddress\":\"14 Rue Alfred Kastler,\",\"postalCode\":\"67160\",\"addressLocality\":\"Wissembourg\",\"addressCountry\":\"FR\"},\"taxID\":\"FR49502522642\"},{\"@type\":\"WebPage\",\"@id\":\"https:\\\/\\\/www.crepissage-outre-foret.pro\\\/local-articles\\\/ravalement-de-facade-a-wissembourg-redonnez-vie-a-votre-habitation\\\/#webpage\",\"url\":\"https:\\\/\\\/www.crepissage-outre-foret.pro\\\/local-articles\\\/ravalement-de-facade-a-wissembourg-redonnez-vie-a-votre-habitation\\\/\",\"name\":\"Ravalement de fa\\u00e7ade \\u00e0 Wissembourg \\u2013 Cr\\u00e9pissage de l\\u2019Outre-For\\u00eat\",\"description\":\"Votre expert du ravalement de fa\\u00e7ade \\u00e0 Wissembourg. Cr\\u00e9pissage de l\\u2019Outre-For\\u00eat redonne \\u00e9clat, protection et durabilit\\u00e9 \\u00e0 vos murs ext\\u00e9rieurs.\",\"inLanguage\":\"fr-FR\",\"isPartOf\":{\"@id\":\"https:\\\/\\\/www.crepissage-outre-foret.pro\\\/#website\"},\"breadcrumb\":{\"@id\":\"https:\\\/\\\/www.crepissage-outre-foret.pro\\\/local-articles\\\/ravalement-de-facade-a-wissembourg-redonnez-vie-a-votre-habitation\\\/#breadcrumblist\"},\"datePublished\":\"2025-10-14T13:01:38+00:00\",\"dateModified\":\"2025-10-24T17:04:47+00:00\"},{\"@type\":\"WebSite\",\"@id\":\"https:\\\/\\\/www.crepissage-outre-foret.pro\\\/#website\",\"url\":\"https:\\\/\\\/www.crepissage-outre-foret.pro\\\/\",\"name\":\"Cr\\u00e9pissage de L\\u2019Outre For\\u00eat\",\"description\":\"Donnez une nouvelle vie \\u00e0 vos fa\\u00e7ades\",\"inLanguage\":\"fr-FR\",\"publisher\":{\"@id\":\"https:\\\/\\\/www.crepissage-outre-foret.pro\\\/#organization\"}}]}\n\t\t<\/script>\n\t\t<!-- All in One SEO Pro -->\r\n\t\t<title>Ravalement de fa\u00e7ade \u00e0 Wissembourg \u2013 Cr\u00e9pissage de l\u2019Outre-For\u00eat<\/title>\n\n","aioseo_head_json":{"title":"Ravalement de fa\u00e7ade \u00e0 Wissembourg \u2013 Cr\u00e9pissage de l\u2019Outre-For\u00eat","description":"Votre expert du ravalement de fa\u00e7ade \u00e0 Wissembourg. Cr\u00e9pissage de l\u2019Outre-For\u00eat redonne \u00e9clat, protection et durabilit\u00e9 \u00e0 vos murs ext\u00e9rieurs.","canonical_url":"https:\/\/www.crepissage-outre-foret.pro\/local-articles\/ravalement-de-facade-a-wissembourg-redonnez-vie-a-votre-habitation\/","robots":"max-image-preview:large","keywords":"","webmasterTools":{"google-site-verification":"yV5f5RtlR-_n-vm2xJ3yDaw1yK7hUustT9T8yhp9L28","miscellaneous":""},"schema":{"@context":"https:\/\/schema.org","@graph":[{"@type":"BreadcrumbList","@id":"https:\/\/www.crepissage-outre-foret.pro\/local-articles\/ravalement-de-facade-a-wissembourg-redonnez-vie-a-votre-habitation\/#breadcrumblist","itemListElement":[{"@type":"ListItem","@id":"https:\/\/www.crepissage-outre-foret.pro#listItem","position":1,"name":"Cr\u00e9pissage de l'outre for\u00eat","item":"https:\/\/www.crepissage-outre-foret.pro","nextItem":{"@type":"ListItem","@id":"https:\/\/www.crepissage-outre-foret.pro\/local-articles\/#listItem","name":"Articles Locaux"}},{"@type":"ListItem","@id":"https:\/\/www.crepissage-outre-foret.pro\/local-articles\/#listItem","position":2,"name":"Articles Locaux","item":"https:\/\/www.crepissage-outre-foret.pro\/local-articles\/","nextItem":{"@type":"ListItem","@id":"https:\/\/www.crepissage-outre-foret.pro\/local-articles-category\/ravalement-de-facade\/#listItem","name":"Ravalement de fa\u00e7ade"},"previousItem":{"@type":"ListItem","@id":"https:\/\/www.crepissage-outre-foret.pro#listItem","name":"Cr\u00e9pissage de l'outre for\u00eat"}},{"@type":"ListItem","@id":"https:\/\/www.crepissage-outre-foret.pro\/local-articles-category\/ravalement-de-facade\/#listItem","position":3,"name":"Ravalement de fa\u00e7ade","item":"https:\/\/www.crepissage-outre-foret.pro\/local-articles-category\/ravalement-de-facade\/","nextItem":{"@type":"ListItem","@id":"https:\/\/www.crepissage-outre-foret.pro\/local-articles\/ravalement-de-facade-a-wissembourg-redonnez-vie-a-votre-habitation\/#listItem","name":"Ravalement de fa\u00e7ade \u00e0 Wissembourg : redonnez vie \u00e0 votre habitation"},"previousItem":{"@type":"ListItem","@id":"https:\/\/www.crepissage-outre-foret.pro\/local-articles\/#listItem","name":"Articles Locaux"}},{"@type":"ListItem","@id":"https:\/\/www.crepissage-outre-foret.pro\/local-articles\/ravalement-de-facade-a-wissembourg-redonnez-vie-a-votre-habitation\/#listItem","position":4,"name":"Ravalement de fa\u00e7ade \u00e0 Wissembourg : redonnez vie \u00e0 votre habitation","previousItem":{"@type":"ListItem","@id":"https:\/\/www.crepissage-outre-foret.pro\/local-articles-category\/ravalement-de-facade\/#listItem","name":"Ravalement de fa\u00e7ade"}}]},{"@type":"Organization","@id":"https:\/\/www.crepissage-outre-foret.pro\/#organization","name":"Cr\u00e9pissage de L\u2019Outre For\u00eat","description":"Donnez une nouvelle vie \u00e0 vos fa\u00e7ades","url":"https:\/\/www.crepissage-outre-foret.pro\/","email":"contact@crepisoutreforet.fr","telephone":"+33388548345","logo":{"@type":"ImageObject","url":"https:\/\/www.crepissage-outre-foret.pro\/media\/2025\/10\/logo.svg","@id":"https:\/\/www.crepissage-outre-foret.pro\/local-articles\/ravalement-de-facade-a-wissembourg-redonnez-vie-a-votre-habitation\/#organizationLogo"},"image":{"@id":"https:\/\/www.crepissage-outre-foret.pro\/local-articles\/ravalement-de-facade-a-wissembourg-redonnez-vie-a-votre-habitation\/#organizationLogo"},"sameAs":["https:\/\/www.facebook.com\/profile.php?id=100031217720552&locale=fr_FR","https:\/\/instagram.com\/crepissagedeloutreforet"],"address":{"@id":"https:\/\/www.crepissage-outre-foret.pro\/#postaladdress","@type":"PostalAddress","streetAddress":"14 Rue Alfred Kastler,","postalCode":"67160","addressLocality":"Wissembourg","addressCountry":"FR"},"taxID":"FR49502522642"},{"@type":"WebPage","@id":"https:\/\/www.crepissage-outre-foret.pro\/local-articles\/ravalement-de-facade-a-wissembourg-redonnez-vie-a-votre-habitation\/#webpage","url":"https:\/\/www.crepissage-outre-foret.pro\/local-articles\/ravalement-de-facade-a-wissembourg-redonnez-vie-a-votre-habitation\/","name":"Ravalement de fa\u00e7ade \u00e0 Wissembourg \u2013 Cr\u00e9pissage de l\u2019Outre-For\u00eat","description":"Votre expert du ravalement de fa\u00e7ade \u00e0 Wissembourg. Cr\u00e9pissage de l\u2019Outre-For\u00eat redonne \u00e9clat, protection et durabilit\u00e9 \u00e0 vos murs ext\u00e9rieurs.","inLanguage":"fr-FR","isPartOf":{"@id":"https:\/\/www.crepissage-outre-foret.pro\/#website"},"breadcrumb":{"@id":"https:\/\/www.crepissage-outre-foret.pro\/local-articles\/ravalement-de-facade-a-wissembourg-redonnez-vie-a-votre-habitation\/#breadcrumblist"},"datePublished":"2025-10-14T13:01:38+00:00","dateModified":"2025-10-24T17:04:47+00:00"},{"@type":"WebSite","@id":"https:\/\/www.crepissage-outre-foret.pro\/#website","url":"https:\/\/www.crepissage-outre-foret.pro\/","name":"Cr\u00e9pissage de L\u2019Outre For\u00eat","description":"Donnez une nouvelle vie \u00e0 vos fa\u00e7ades","inLanguage":"fr-FR","publisher":{"@id":"https:\/\/www.crepissage-outre-foret.pro\/#organization"}}]},"og:locale":"fr_FR","og:site_name":"Cr\u00e9pissage de L\u2019Outre For\u00eat - Donnez une nouvelle vie \u00e0 vos fa\u00e7ades","og:type":"article","og:title":"Ravalement de fa\u00e7ade \u00e0 Wissembourg \u2013 Cr\u00e9pissage de l\u2019Outre-For\u00eat","og:description":"Votre expert du ravalement de fa\u00e7ade \u00e0 Wissembourg. Cr\u00e9pissage de l\u2019Outre-For\u00eat redonne \u00e9clat, protection et durabilit\u00e9 \u00e0 vos murs ext\u00e9rieurs.","og:url":"https:\/\/www.crepissage-outre-foret.pro\/local-articles\/ravalement-de-facade-a-wissembourg-redonnez-vie-a-votre-habitation\/","og:image":"https:\/\/www.crepissage-outre-foret.pro\/media\/2025\/10\/logo.svg","og:image:secure_url":"https:\/\/www.crepissage-outre-foret.pro\/media\/2025\/10\/logo.svg","article:published_time":"2025-10-14T13:01:38+00:00","article:modified_time":"2025-10-24T17:04:47+00:00","article:publisher":"https:\/\/www.facebook.com\/profile.php?id=100031217720552&locale=fr_FR","twitter:card":"summary_large_image","twitter:title":"Ravalement de fa\u00e7ade \u00e0 Wissembourg \u2013 Cr\u00e9pissage de l\u2019Outre-For\u00eat","twitter:description":"Votre expert du ravalement de fa\u00e7ade \u00e0 Wissembourg. Cr\u00e9pissage de l\u2019Outre-For\u00eat redonne \u00e9clat, protection et durabilit\u00e9 \u00e0 vos murs ext\u00e9rieurs.","twitter:image":"https:\/\/www.crepissage-outre-foret.pro\/media\/2025\/10\/logo.svg"},"aioseo_meta_data":{"post_id":"1138","title":"Ravalement de fa\u00e7ade \u00e0 Wissembourg \u2013 Cr\u00e9pissage de l\u2019Outre-For\u00eat","description":"Votre expert du ravalement de fa\u00e7ade \u00e0 Wissembourg. Cr\u00e9pissage de l\u2019Outre-For\u00eat redonne \u00e9clat, protection et durabilit\u00e9 \u00e0 vos murs ext\u00e9rieurs.","keywords":null,"keyphrases":{"focus":{"keyphrase":"Ravalement de fa\u00e7ade","score":90,"analysis":{"keyphraseInTitle":{"score":9,"maxScore":9,"error":0},"keyphraseInDescription":{"score":9,"maxScore":9,"error":0},"keyphraseLength":{"score":9,"maxScore":9,"error":0,"length":4},"keyphraseInURL":{"score":5,"maxScore":5,"error":0},"keyphraseInIntroduction":{"score":9,"maxScore":9,"error":0},"keyphraseInSubHeadings":{"score":3,"maxScore":9,"error":1},"keyphraseInImageAlt":[],"keywordDensity":{"type":"best","score":9,"maxScore":9,"error":0}}},"additional":[]},"primary_term":null,"canonical_url":null,"og_title":null,"og_description":null,"og_object_type":"default","og_image_type":"default","og_image_url":null,"og_image_width":null,"og_image_height":null,"og_image_custom_url":null,"og_image_custom_fields":null,"og_video":"","og_custom_url":null,"og_article_section":null,"og_article_tags":null,"twitter_use_og":false,"twitter_card":"default","twitter_image_type":"default","twitter_image_url":null,"twitter_image_custom_url":null,"twitter_image_custom_fields":null,"twitter_title":null,"twitter_description":null,"schema":{"blockGraphs":[],"customGraphs":[],"default":{"data":{"Article":[],"Course":[],"Dataset":[],"FAQPage":[],"Movie":[],"Person":[],"Product":[],"ProductReview":[],"Car":[],"Recipe":[],"Service":[],"SoftwareApplication":[],"WebPage":[]},"graphName":"WebPage","isEnabled":true},"graphs":[]},"schema_type":"default","schema_type_options":null,"pillar_content":false,"robots_default":true,"robots_noindex":false,"robots_noarchive":false,"robots_nosnippet":false,"robots_nofollow":false,"robots_noimageindex":false,"robots_noodp":false,"robots_notranslate":false,"robots_max_snippet":"-1","robots_max_videopreview":"-1","robots_max_imagepreview":"large","priority":null,"frequency":"default","local_seo":null,"seo_analyzer_scan_date":"2025-10-24 17:08:01","breadcrumb_settings":null,"limit_modified_date":false,"open_ai":null,"ai":{"faqs":[],"keyPoints":[],"titles":[],"descriptions":[],"socialPosts":{"email":[],"linkedin":[],"twitter":[],"facebook":[],"instagram":[]}},"created":"2025-10-14 12:57:35","updated":"2025-10-24 17:19:06"},"aioseo_breadcrumb":"<div class=\"aioseo-breadcrumbs\"><span class=\"aioseo-breadcrumb\">\n\t<a href=\"https:\/\/www.crepissage-outre-foret.pro\" title=\"Cr\u00e9pissage de l&#039;outre for\u00eat\">Cr\u00e9pissage de l'outre for\u00eat<\/a>\n<\/span><span class=\"aioseo-breadcrumb-separator\">\u00bb<\/span><span class=\"aioseo-breadcrumb\">\n\t<a href=\"https:\/\/www.crepissage-outre-foret.pro\/local-articles\/\" title=\"Articles Locaux\">Articles Locaux<\/a>\n<\/span><span class=\"aioseo-breadcrumb-separator\">\u00bb<\/span><span class=\"aioseo-breadcrumb\">\n\t<a href=\"https:\/\/www.crepissage-outre-foret.pro\/local-articles-category\/ravalement-de-facade\/\" title=\"Ravalement de fa\u00e7ade\">Ravalement de fa\u00e7ade<\/a>\n<\/span><span class=\"aioseo-breadcrumb-separator\">\u00bb<\/span><span class=\"aioseo-breadcrumb\">\n\tRavalement de fa\u00e7ade \u00e0 Wissembourg : redonnez vie \u00e0 votre habitation\n<\/span><\/div>","aioseo_breadcrumb_json":[{"label":"Cr\u00e9pissage de l'outre for\u00eat","link":"https:\/\/www.crepissage-outre-foret.pro"},{"label":"Articles Locaux","link":"https:\/\/www.crepissage-outre-foret.pro\/local-articles\/"},{"label":"Ravalement de fa\u00e7ade","link":"https:\/\/www.crepissage-outre-foret.pro\/local-articles-category\/ravalement-de-facade\/"},{"label":"Ravalement de fa\u00e7ade \u00e0 Wissembourg : redonnez vie \u00e0 votre habitation","link":"https:\/\/www.crepissage-outre-foret.pro\/local-articles\/ravalement-de-facade-a-wissembourg-redonnez-vie-a-votre-habitation\/"}],"_links":{"self":[{"href":"https:\/\/www.crepissage-outre-foret.pro\/api-json\/wp\/v2\/local-articles\/1138","targetHints":{"allow":["GET"]}}],"collection":[{"href":"https:\/\/www.crepissage-outre-foret.pro\/api-json\/wp\/v2\/local-articles"}],"about":[{"href":"https:\/\/www.crepissage-outre-foret.pro\/api-json\/wp\/v2\/types\/local-articles"}],"version-history":[{"count":1,"href":"https:\/\/www.crepissage-outre-foret.pro\/api-json\/wp\/v2\/local-articles\/1138\/revisions"}],"predecessor-version":[{"id":1314,"href":"https:\/\/www.crepissage-outre-foret.pro\/api-json\/wp\/v2\/local-articles\/1138\/revisions\/1314"}],"wp:attachment":[{"href":"https:\/\/www.crepissage-outre-foret.pro\/api-json\/wp\/v2\/media?parent=1138"}],"wp:term":[{"taxonomy":"local-articles-category","embeddable":true,"href":"https:\/\/www.crepissage-outre-foret.pro\/api-json\/wp\/v2\/local-articles-category?post=1138"}],"curies":[{"name":"wp","href":"https:\/\/api.w.org\/{rel}","templated":true}]}}